{"id":514,"count":2,"description":"Conraddesign will eine Plattform f\u00fcr neue Designer schaffen.\n\nWir wollen Strickerinnen die M\u00f6glichkeit geben, ihre Modelle zu pr\u00e4sentieren und damit in unserer Strickwelt bekannt zu werden.\n\nDie in unserem Webshop vorgestellten Designer sind f\u00fcr ihre eigenen Rezepte verantwortlich.\nUnsere Facebook-Seite wird nun wie in Zukunft nur noch f\u00fcr Modelle von Conraddesign gedacht sein.","link":"https:\/\/arkiv.conraddesign.dk\/de\/shoppen\/andere-designer\/","name":"Andere Designer","slug":"andere-designer","taxonomy":"product_cat","parent":0,"meta":[],"yoast_head":"<!-- This site is optimized with the Yoast SEO plugin v25.7 - https:\/\/yoast.com\/wordpress\/plugins\/seo\/ -->\n<title>Andere Designer Arkiv - Conraddesign<\/title>\n<meta name=\"robots\" content=\"noindex, follow, max-snippet:-1, max-image-preview:large, max-video-preview:-1\" \/>\n<meta property=\"og:locale\" content=\"de_DE\" \/>\n<meta property=\"og:type\" content=\"article\" \/>\n<meta property=\"og:title\" content=\"Andere Designer Arkiv - Conraddesign\" \/>\n<meta property=\"og:description\" content=\"Conraddesign will eine Plattform f\u00fcr neue Designer schaffen. Wir wollen Strickerinnen die M\u00f6glichkeit geben, ihre Modelle zu pr\u00e4sentieren und damit in unserer Strickwelt bekannt zu werden. Die in unserem Webshop vorgestellten Designer sind f\u00fcr ihre eigenen Rezepte verantwortlich. Unsere Facebook-Seite wird nun wie in Zukunft nur noch f\u00fcr Modelle von Conraddesign gedacht sein.\" \/>\n<meta property=\"og:url\" content=\"https:\/\/arkiv.conraddesign.dk\/de\/shoppen\/andere-designer\/\" \/>\n<meta property=\"og:site_name\" content=\"Conraddesign\" \/>\n<meta name=\"twitter:card\" content=\"summary_large_image\" \/>\n<script type=\"application\/ld+json\" class=\"yoast-schema-graph\">{\"@context\":\"https:\/\/schema.org\",\"@graph\":[{\"@type\":\"CollectionPage\",\"@id\":\"https:\/\/arkiv.conraddesign.dk\/de\/shoppen\/andere-designer\/\",\"url\":\"https:\/\/arkiv.conraddesign.dk\/de\/shoppen\/andere-designer\/\",\"name\":\"Andere Designer Arkiv - Conraddesign\",\"isPartOf\":{\"@id\":\"https:\/\/arkiv.conraddesign.dk\/#website\"},\"breadcrumb\":{\"@id\":\"https:\/\/arkiv.conraddesign.dk\/de\/shoppen\/andere-designer\/#breadcrumb\"},\"inLanguage\":\"de\"},{\"@type\":\"BreadcrumbList\",\"@id\":\"https:\/\/arkiv.conraddesign.dk\/de\/shoppen\/andere-designer\/#breadcrumb\",\"itemListElement\":[{\"@type\":\"ListItem\",\"position\":1,\"name\":\"Hjem\",\"item\":\"https:\/\/arkiv.conraddesign.dk\/de\/\"},{\"@type\":\"ListItem\",\"position\":2,\"name\":\"Andere Designer\"}]},{\"@type\":\"WebSite\",\"@id\":\"https:\/\/arkiv.conraddesign.dk\/#website\",\"url\":\"https:\/\/arkiv.conraddesign.dk\/\",\"name\":\"Conraddesign\",\"description\":\"\",\"potentialAction\":[{\"@type\":\"SearchAction\",\"target\":{\"@type\":\"EntryPoint\",\"urlTemplate\":\"https:\/\/arkiv.conraddesign.dk\/?s={search_term_string}\"},\"query-input\":{\"@type\":\"PropertyValueSpecification\",\"valueRequired\":true,\"valueName\":\"search_term_string\"}}],\"inLanguage\":\"de\"}]}<\/script>\n<!-- \/ Yoast SEO plugin. -->","yoast_head_json":{"title":"Andere Designer Arkiv - Conraddesign","robots":{"index":"noindex","follow":"follow","max-snippet":"max-snippet:-1","max-image-preview":"max-image-preview:large","max-video-preview":"max-video-preview:-1"},"og_locale":"de_DE","og_type":"article","og_title":"Andere Designer Arkiv - Conraddesign","og_description":"Conraddesign will eine Plattform f\u00fcr neue Designer schaffen. Wir wollen Strickerinnen die M\u00f6glichkeit geben, ihre Modelle zu pr\u00e4sentieren und damit in unserer Strickwelt bekannt zu werden. Die in unserem Webshop vorgestellten Designer sind f\u00fcr ihre eigenen Rezepte verantwortlich. Unsere Facebook-Seite wird nun wie in Zukunft nur noch f\u00fcr Modelle von Conraddesign gedacht sein.","og_url":"https:\/\/arkiv.conraddesign.dk\/de\/shoppen\/andere-designer\/","og_site_name":"Conraddesign","twitter_card":"summary_large_image","schema":{"@context":"https:\/\/schema.org","@graph":[{"@type":"CollectionPage","@id":"https:\/\/arkiv.conraddesign.dk\/de\/shoppen\/andere-designer\/","url":"https:\/\/arkiv.conraddesign.dk\/de\/shoppen\/andere-designer\/","name":"Andere Designer Arkiv - Conraddesign","isPartOf":{"@id":"https:\/\/arkiv.conraddesign.dk\/#website"},"breadcrumb":{"@id":"https:\/\/arkiv.conraddesign.dk\/de\/shoppen\/andere-designer\/#breadcrumb"},"inLanguage":"de"},{"@type":"BreadcrumbList","@id":"https:\/\/arkiv.conraddesign.dk\/de\/shoppen\/andere-designer\/#breadcrumb","itemListElement":[{"@type":"ListItem","position":1,"name":"Hjem","item":"https:\/\/arkiv.conraddesign.dk\/de\/"},{"@type":"ListItem","position":2,"name":"Andere Designer"}]},{"@type":"WebSite","@id":"https:\/\/arkiv.conraddesign.dk\/#website","url":"https:\/\/arkiv.conraddesign.dk\/","name":"Conraddesign","description":"","potentialAction":[{"@type":"SearchAction","target":{"@type":"EntryPoint","urlTemplate":"https:\/\/arkiv.conraddesign.dk\/?s={search_term_string}"},"query-input":{"@type":"PropertyValueSpecification","valueRequired":true,"valueName":"search_term_string"}}],"inLanguage":"de"}]}},"_links":{"self":[{"href":"https:\/\/arkiv.conraddesign.dk\/de\/wp-json\/wp\/v2\/product_cat\/514","targetHints":{"allow":["GET"]}}],"collection":[{"href":"https:\/\/arkiv.conraddesign.dk\/de\/wp-json\/wp\/v2\/product_cat"}],"about":[{"href":"https:\/\/arkiv.conraddesign.dk\/de\/wp-json\/wp\/v2\/taxonomies\/product_cat"}],"wp:post_type":[{"href":"https:\/\/arkiv.conraddesign.dk\/de\/wp-json\/wp\/v2\/product?product_cat=514"}],"curies":[{"name":"wp","href":"https:\/\/api.w.org\/{rel}","templated":true}]}}